[{"@context":"https:\/\/schema.org\/","@type":"Article","@id":"https:\/\/www.kpso.cz\/vyuka-it-na-strednich-skolach\/#Article","mainEntityOfPage":"https:\/\/www.kpso.cz\/vyuka-it-na-strednich-skolach\/","headline":"V\u00fduka IT na st\u0159edn\u00edch \u0161kol\u00e1ch","name":"V\u00fduka IT na st\u0159edn\u00edch \u0161kol\u00e1ch","description":"Ka\u017ed\u00fd z\u00a0n\u00e1s zn\u00e1 jist\u011b ten pocit, kdy si mysl\u00ed, \u017ee v\u011bci nau\u010den\u00e9 u\u010diteli, v\u00a0\u017eivot\u011b nepou\u017eije, a tud\u00ed\u017e m\u00e1 tendence chovat se tak, aby v\u00a0t\u011bchto hodin\u00e1ch ned\u00e1val pozor. N\u011bkdy se jedn\u00e1 opravdu o velmi nudn\u00e9 a nezaj\u00edmav\u00e9 informace, av\u0161ak v\u00a0p\u0159\u00edpad\u011b v\u00fduky po\u010d\u00edta\u010d\u016f \u010di IT jde dle m\u00e9ho n\u00e1zoru sp\u00ed\u0161e o prav\u00fd opak. V\u00a0t\u011bchto hodin\u00e1ch se m\u016f\u017eeme [&hellip;]","datePublished":"2019-08-16","dateModified":"2023-05-02","author":{"@type":"Person","@id":"https:\/\/www.kpso.cz\/author\/#Person","name":"","url":"https:\/\/www.kpso.cz\/author\/","identifier":1,"image":{"@type":"ImageObject","@id":"https:\/\/secure.gravatar.com\/avatar\/eaa8d03c255e1a749937a03afe319562d500ac9ddac78a88a8e436c8d21c5e47?s=96&d=mm&r=g","url":"https:\/\/secure.gravatar.com\/avatar\/eaa8d03c255e1a749937a03afe319562d500ac9ddac78a88a8e436c8d21c5e47?s=96&d=mm&r=g","height":96,"width":96}},"publisher":{"@type":"Organization","name":"kpso.cz","logo":{"@type":"ImageObject","@id":"\/logo.png","url":"\/logo.png","width":600,"height":60}},"image":{"@type":"ImageObject","@id":"https:\/\/www.kpso.cz\/wp-content\/uploads\/img_a353922_w2992_t1568480750.jpg","url":"https:\/\/www.kpso.cz\/wp-content\/uploads\/img_a353922_w2992_t1568480750.jpg","height":0,"width":0},"url":"https:\/\/www.kpso.cz\/vyuka-it-na-strednich-skolach\/","about":["Vzd\u011bl\u00e1n\u00ed"],"wordCount":446,"articleBody":"Ka\u017ed\u00fd z\u00a0n\u00e1s zn\u00e1 jist\u011b ten pocit, kdy si mysl\u00ed, \u017ee v\u011bci nau\u010den\u00e9 u\u010diteli, v\u00a0\u017eivot\u011b nepou\u017eije, a tud\u00ed\u017e m\u00e1 tendence chovat se tak, aby v\u00a0t\u011bchto hodin\u00e1ch ned\u00e1val pozor. N\u011bkdy se jedn\u00e1 opravdu o velmi nudn\u00e9 a nezaj\u00edmav\u00e9 informace, av\u0161ak v\u00a0p\u0159\u00edpad\u011b v\u00fduky po\u010d\u00edta\u010d\u016f \u010di IT jde dle m\u00e9ho n\u00e1zoru sp\u00ed\u0161e o prav\u00fd opak.\tV\u00a0t\u011bchto hodin\u00e1ch se m\u016f\u017eeme dozv\u011bd\u011bt mnoho u\u017eite\u010dn\u00fdch informac\u00ed, kter\u00e9 se n\u00e1m v\u00a0budoucnu budou hodit. V\u00fdhodou je tedy zejm\u00e9na to, \u017ee \u010d\u00edm d\u0159\u00edv se ur\u010dit\u00e9 v\u011bci nau\u010d\u00edme, t\u00edm d\u0159\u00edve je budeme um\u011bt, a budeme moci pom\u00e1hat ostatn\u00edm se ziskem t\u011bchto dovednost\u00ed. Poj\u010fme si tedy spole\u010dn\u011b p\u0159ipomenout, kter\u00e9 v\u011bci zn\u00e1m\u00e9 n\u011bkter\u00fdm z\u00a0obdob\u00ed, kdy zasedali do \u0161koln\u00edch lavic, dnes v\u00a0ka\u017edodenn\u00edm \u017eivot\u011b b\u011b\u017en\u011b pou\u017e\u00edv\u00e1me.\t1.\u00a0\u00a0\u00a0\u00a0\u00a0\u00a0 Form\u00e1tov\u00e1n\u00ed \tPro n\u011bkoho m\u016f\u017ee j\u00edt o toho nejv\u011bt\u0161\u00edho nep\u0159\u00edtele, av\u0161ak ka\u017ed\u00fd z\u00a0n\u00e1s by ho m\u011bl zn\u00e1t a um\u011bt. Zejm\u00e9na, kdy\u017e nastoup\u00edte na V\u0160, tak v\u0161ichni ji\u017e po\u010d\u00edtaj\u00ed s\u00a0t\u00edm, \u017ee vy velmi dob\u0159e v\u00edte, jak se p\u00ed\u0161ou eseje, semin\u00e1rn\u00ed pr\u00e1ce apod. M\u011b osobn\u011b kv\u016fli tomu necht\u011bla nechat pan\u00ed profesorka na pr\u00e1vech v\u00a0prv\u00e1ku proj\u00edt, ale nakonec se nade mnou slitovala.\t2.\u00a0\u00a0\u00a0\u00a0\u00a0\u00a0 \u00daprava fotek\tSou\u010dasn\u00e1 mlad\u00e1 generace upravuje snad ka\u017edou fotku p\u0159ed t\u00edm, ne\u017e ji d\u00e1 na soci\u00e1ln\u00ed s\u00edt\u011b. Mo\u017en\u00e1 je to dob\u0159e, mo\u017en\u00e1 taky ne, ale alespo\u0148 d\u00edky sv\u00fdm studi\u00edm v\u00ed, co m\u00e1 d\u011blat. Dal\u0161\u00ed, komu se tyto \u201elaick\u00e9\u201c rady mohou hodit, jsou ti, kte\u0159\u00ed cht\u011bj\u00ed studovat fotografii na n\u011bjak\u00fdch um\u011bleck\u00fdch \u0161kol\u00e1ch, \u010di mus\u00ed v\u00a0r\u00e1mci sv\u00e9ho zam\u011bstn\u00e1n\u00ed pracovat s\u00a0photoshopem.\t\t3.\u00a0\u00a0\u00a0\u00a0\u00a0\u00a0 Pr\u00e1ce s\u00a0bal\u00ed\u010dkem MS\tV\u00a0r\u00e1mci dne\u0161n\u00ed doby je skoro na ve\u0161ker\u00fdch pracovn\u00edch pozic\u00edch vy\u017eadov\u00e1no, aby zam\u011bstnanci um\u011bli zach\u00e1zet s\u00a0Wordem, Excelem \u010di Powerpointem. Jedn\u00e1 se o prost\u0159edky, kter\u00e9 umo\u017e\u0148uj\u00ed tvorbu tabulek, graf\u016f \u010di prezentac\u00ed. Pr\u00e1v\u011b t\u00e9to \u010dinnosti b\u00fdv\u00e1 ve \u0161kole v\u011bnov\u00e1na velk\u00e1 \u010d\u00e1st v\u00fduky, a dle m\u00e9ho n\u00e1zoru je to velmi dob\u0159e, jeliko\u017e tak pak jedinec zn\u00e1 alespo\u0148 ten z\u00e1klad, kter\u00fd mu m\u016f\u017ee pomoci k\u00a0z\u00edsk\u00e1n\u00ed vysn\u011bn\u00e9ho povol\u00e1n\u00ed.                                                                                                                                                                                                                                                                                                                                                                                        4.2\/5 - (6 votes)        "},{"@context":"https:\/\/schema.org\/","@type":"BreadcrumbList","itemListElement":[{"@type":"ListItem","position":1,"name":"V\u00fduka IT na st\u0159edn\u00edch \u0161kol\u00e1ch","item":"https:\/\/www.kpso.cz\/vyuka-it-na-strednich-skolach\/#breadcrumbitem"}]}]