[{"@context":"https:\/\/schema.org\/","@type":"Article","@id":"https:\/\/www.kpso.cz\/vsech-tvaru-a-barev\/#Article","mainEntityOfPage":"https:\/\/www.kpso.cz\/vsech-tvaru-a-barev\/","headline":"V\u0161ech tvar\u016f a barev","name":"V\u0161ech tvar\u016f a barev","description":"Klobouky hraj\u00ed prim p\u0159edev\u0161\u00edm v\u00a0letn\u00edch m\u011bs\u00edc\u00edch, nos\u00ed je r\u00e1di nejen \u017eeny, ale \u010dasto je v\u00edd\u00e1me i na hlav\u00e1ch mu\u017e\u016f, chlapc\u016f a hol\u010di\u010dky jsou v\u00a0nich jako panenky. Mo\u017en\u00e1 si mysl\u00edte, \u017ee nejste zrovna kloboukov\u00fd typ a boj\u00edte se zkusit si n\u011bjak\u00fd koupit a vyrazit s\u00a0n\u00edm ven, mezi lidi. V\u00a0hork\u00fdch letn\u00edch dnech je to nejen ozdoba, ale [&hellip;]","datePublished":"2018-08-05","dateModified":"2023-05-02","author":{"@type":"Person","@id":"https:\/\/www.kpso.cz\/author\/#Person","name":"","url":"https:\/\/www.kpso.cz\/author\/","identifier":1,"image":{"@type":"ImageObject","@id":"https:\/\/secure.gravatar.com\/avatar\/eaa8d03c255e1a749937a03afe319562d500ac9ddac78a88a8e436c8d21c5e47?s=96&d=mm&r=g","url":"https:\/\/secure.gravatar.com\/avatar\/eaa8d03c255e1a749937a03afe319562d500ac9ddac78a88a8e436c8d21c5e47?s=96&d=mm&r=g","height":96,"width":96}},"publisher":{"@type":"Organization","name":"kpso.cz","logo":{"@type":"ImageObject","@id":"\/logo.png","url":"\/logo.png","width":600,"height":60}},"image":{"@type":"ImageObject","@id":"https:\/\/www.kpso.cz\/wp-content\/uploads\/img_a326661_w1748_t1538751163.jpg","url":"https:\/\/www.kpso.cz\/wp-content\/uploads\/img_a326661_w1748_t1538751163.jpg","height":0,"width":0},"url":"https:\/\/www.kpso.cz\/vsech-tvaru-a-barev\/","about":["N\u00e1kupy"],"wordCount":457,"articleBody":"Klobouky hraj\u00ed prim p\u0159edev\u0161\u00edm v\u00a0letn\u00edch m\u011bs\u00edc\u00edch, nos\u00ed je r\u00e1di nejen \u017eeny, ale \u010dasto je v\u00edd\u00e1me i na hlav\u00e1ch mu\u017e\u016f, chlapc\u016f a hol\u010di\u010dky jsou v\u00a0nich jako panenky. Mo\u017en\u00e1 si mysl\u00edte, \u017ee nejste zrovna kloboukov\u00fd typ a boj\u00edte se zkusit si n\u011bjak\u00fd koupit a vyrazit s\u00a0n\u00edm ven, mezi lidi.V\u00a0hork\u00fdch letn\u00edch dnech je to nejen ozdoba, ale chr\u00e1n\u00ed p\u0159ed p\u0159\u00edpadn\u00fdm \u00fapalem a p\u0159\u00edm\u00fdmi slune\u010dn\u00edmi paprsky. A v\u011b\u0159te, nen\u00ed tak t\u011b\u017ek\u00e9 vybrat ten prav\u00fd kousek, kter\u00fd v\u00e1m bude sed\u011bt a budete se v\u00a0n\u011bm i c\u00edtit. Pokr\u00fdvky hlavy nejsou nic nov\u00e9ho, nosily se od nepam\u011bti v\u00a0r\u016fzn\u00fdch podob\u00e1ch, tvarech a barv\u00e1ch. Rozhodn\u011b se nemus\u00edte b\u00e1t, \u017ee je to m\u00f3dn\u00ed dopln\u011bk, kter\u00fd pomalu vych\u00e1z\u00ed z\u00a0m\u00f3dy, jeho obl\u00edbenost je takov\u00e1, \u017ee ur\u010dit\u011b je\u0161t\u011b n\u011bjakou tu dobu v\u00a0na\u0161ich \u0161atn\u00edc\u00edch bude m\u00edt sv\u00e9 m\u00edsto. Nav\u00edc bude o\u017eiven\u00edm va\u0161eho oble\u010den\u00ed.Z\u00e1le\u017e\u00ed na obli\u010dejiVybrat spr\u00e1vn\u00fd tvar nen\u00ed nic obt\u00ed\u017en\u00e9ho, \u0159\u00eddit byste se m\u011bli p\u0159edev\u0161\u00edm tvarem sv\u00e9ho obli\u010deje. D\u00e1m\u00e1m s\u00a0kulat\u00fdm obli\u010dejem bude slu\u0161et model, kter\u00fd bude \u010dinit obli\u010dej prot\u00e1hlej\u0161\u00edm, naopak d\u00e1my s\u00a0opa\u010dn\u00fdm typem obli\u010deje by m\u011bly s\u00e1hnout po ni\u017e\u0161\u00edm klobou\u010dku s\u00a0ten\u010d\u00ed krempou. Velk\u00e9 klobouky si mohou dovolit ty, kter\u00e9 maj\u00ed obli\u010dej sp\u00ed\u0161e hranat\u00e9ho tvaru. \u017deny s\u00a0ov\u00e1lnou tv\u00e1\u0159\u00ed mohou d\u00e1t na hlavu kter\u00fdkoliv tvar.Slam\u00e1ky, pa\u0159\u00ed\u017e\u00e1ky, retro a p\u00e1nsk\u00e9L\u00e9to a s\u00a0n\u00edm spojen\u00e9 slunce a mo\u0159e p\u0159iv\u00edtejte s\u00a0obrovsk\u00fdm slam\u011bn\u00fdm kloboukem. Obm\u011b\u0148ovat ho m\u016f\u017eete r\u016fzn\u011b barevn\u00fdmi krempami a dolad\u00ed tak pr\u00e1v\u011b to, co m\u00e1te na sob\u011b. K\u00a0mo\u0159i neodmysliteln\u011b pat\u0159\u00ed klasick\u00e9 n\u00e1mo\u0159nick\u00e9 klobou\u010dky. Placat\u00e9 pokr\u00fdvky vyjad\u0159uj\u00ed hlavn\u011b eleganci a daj\u00ed se nosit k\u00a0\u010demukoliv. Kone\u010dn\u00fd styl bude z\u00e1vist na to, co ke klobouku vyberete, zda oby\u010dejn\u00e9 d\u017e\u00edny nebo romantick\u00e9 \u0161aty. P\u00e1nsk\u00e9 typy klobouk\u016f m\u016f\u017eete vz\u00edt ke kra\u0165as\u016fm i k\u00a0romantick\u00e9mu oble\u010den\u00ed.Flitrov\u00e9 klobouky byly hitem p\u0159ed devades\u00e1ti lety, na hlavu je klidn\u011b m\u016f\u017eete d\u00e1t i te\u010f, stejn\u011b tak modely zdoben\u00e9 kv\u011btinami.Prost\u011b se nebojte a jd\u011bte do toho, proto\u017ee klobouk by ve va\u0161em \u0161atn\u00edku chyb\u011bt rozhodn\u011b nem\u011bl.                                                                                                                                                                                                                                                                                                                                                                                        4.3\/5 - (6 votes)        "},{"@context":"https:\/\/schema.org\/","@type":"BreadcrumbList","itemListElement":[{"@type":"ListItem","position":1,"name":"V\u0161ech tvar\u016f a barev","item":"https:\/\/www.kpso.cz\/vsech-tvaru-a-barev\/#breadcrumbitem"}]}]