[{"@context":"https:\/\/schema.org\/","@type":"Article","@id":"https:\/\/www.kpso.cz\/vanoce-jak-se-slusi-a-patri\/#Article","mainEntityOfPage":"https:\/\/www.kpso.cz\/vanoce-jak-se-slusi-a-patri\/","headline":"V\u00e1noce jak se slu\u0161\u00ed a pat\u0159\u00ed","name":"V\u00e1noce jak se slu\u0161\u00ed a pat\u0159\u00ed","description":"Mo\u017en\u00e1 tak\u00e9 pat\u0159\u00edte k\u00a0t\u011bm nad\u0161enc\u016fm, kte\u0159\u00ed ji\u017e za\u010d\u00e1tkem prosince zdob\u00ed v\u00e1no\u010dn\u00edmi motivy a r\u016fzn\u00fdmi sv\u011bt\u00e9lky cel\u00fd sv\u016fj byt nebo d\u016fm. Je to kr\u00e1sn\u00e1 tradice ohla\u0161uj\u00edc\u00ed brzk\u00fd p\u0159\u00edchod V\u00e1noc. Jen si vzpome\u0148te na v\u011bt\u0161inu americk\u00fdch v\u00e1no\u010dn\u00edch komedi\u00ed. Tam jsou osv\u011btleny cel\u00e9 ulice, ka\u017ed\u00fd d\u016fm z\u00e1\u0159\u00ed na d\u00e1lku, chyb\u011bt nesm\u00ed ani Santa Claus v\u00a0\u017eivotn\u00ed velikosti sed\u00edc\u00ed na [&hellip;]","datePublished":"2025-02-28","dateModified":"2023-05-02","author":{"@type":"Person","@id":"https:\/\/www.kpso.cz\/author\/#Person","name":"","url":"https:\/\/www.kpso.cz\/author\/","identifier":1,"image":{"@type":"ImageObject","@id":"https:\/\/secure.gravatar.com\/avatar\/eaa8d03c255e1a749937a03afe319562d500ac9ddac78a88a8e436c8d21c5e47?s=96&d=mm&r=g","url":"https:\/\/secure.gravatar.com\/avatar\/eaa8d03c255e1a749937a03afe319562d500ac9ddac78a88a8e436c8d21c5e47?s=96&d=mm&r=g","height":96,"width":96}},"publisher":{"@type":"Organization","name":"kpso.cz","logo":{"@type":"ImageObject","@id":"\/logo.png","url":"\/logo.png","width":600,"height":60}},"image":{"@type":"ImageObject","@id":"https:\/\/www.kpso.cz\/wp-content\/uploads\/img_a300952_w1883_t1511037679.jpg","url":"https:\/\/www.kpso.cz\/wp-content\/uploads\/img_a300952_w1883_t1511037679.jpg","height":0,"width":0},"url":"https:\/\/www.kpso.cz\/vanoce-jak-se-slusi-a-patri\/","wordCount":554,"articleBody":"Mo\u017en\u00e1 tak\u00e9 pat\u0159\u00edte k\u00a0t\u011bm nad\u0161enc\u016fm, kte\u0159\u00ed ji\u017e za\u010d\u00e1tkem prosince zdob\u00ed v\u00e1no\u010dn\u00edmi motivy a r\u016fzn\u00fdmi sv\u011bt\u00e9lky cel\u00fd sv\u016fj byt nebo d\u016fm. Je to kr\u00e1sn\u00e1 tradice ohla\u0161uj\u00edc\u00ed brzk\u00fd p\u0159\u00edchod V\u00e1noc. Jen si vzpome\u0148te na v\u011bt\u0161inu americk\u00fdch v\u00e1no\u010dn\u00edch komedi\u00ed. Tam jsou osv\u011btleny cel\u00e9 ulice, ka\u017ed\u00fd d\u016fm z\u00e1\u0159\u00ed na d\u00e1lku, chyb\u011bt nesm\u00ed ani Santa Claus v\u00a0\u017eivotn\u00ed velikosti sed\u00edc\u00ed na kom\u00edn\u011b, v\u00fdjimkou nen\u00ed asi cel\u00e9 sob\u00ed sp\u0159e\u017een\u00ed. V\u00a0na\u0161ich podm\u00ednk\u00e1ch se p\u0159ece jen, jako ve v\u0161em, dr\u017e\u00edme pon\u011bkud zp\u00e1tky. Ale i tak zdob\u00edme a dekorujeme na\u0161e domovy s\u00a0nad\u0161en\u00edm mal\u00fdch d\u011bt\u00ed. Co tedy pat\u0159\u00ed k \u201ez\u00e1kladn\u00ed v\u00fdbav\u011b\u201c?\tV\u011bnce na dve\u0159e i na st\u016flV\u011bnce p\u0159ichycen\u00e9 na domovn\u00edch dve\u0159\u00edch pat\u0159\u00ed jist\u011b k\u00a0naprost\u00e9mu folkl\u00f3ru V\u00e1noc. Vyb\u00edrat lze z\u00a0obrovsk\u00e9ho mno\u017estv\u00ed, nebo pokud jste alespo\u0148 trochu manu\u00e1ln\u011b zru\u010dn\u00ed, nen\u00ed probl\u00e9m si takov\u00fd v\u011bnec vyrobit. M\u016f\u017eete zvolit v\u011bnce ryze tradi\u010dn\u00ed s\u00a0klasick\u00fdmi barvami V\u00e1noc, jak\u00fdmi jsou zelen\u00e1, \u010derven\u00e1 a fialov\u00e1. Nen\u00ed v\u0161ak na \u0161kodu zkusit i ok\u00e1zalej\u0161\u00ed styl a sv\u00e9 dve\u0159e ozdobit nap\u0159\u00edklad st\u0159\u00edbrn\u00fdm v\u011bncem. V\u00fdb\u011br materi\u00e1lu je takt\u00e9\u017e zcela ve va\u0161ich rukou a na va\u0161em uv\u00e1\u017een\u00ed.Adventn\u00ed v\u011bnce naaran\u017eovan\u00e9 na stole je jeden ze z\u00e1kladn\u00edch symbol\u016f adventu. Prim\u00e1rn\u011b slou\u017e\u00ed k\u00a0odpo\u010d\u00edt\u00e1v\u00e1n\u00ed \u010dty\u0159 t\u00fddn\u016f do vypuknut\u00ed V\u00e1noc. Obvykle m\u00e1 kulat\u00fd tvar, je dopln\u011bn \u010dty\u0159mi sv\u00ed\u010dkami. Samoz\u0159ejm\u011b se dnes hojn\u011b vyskytuj\u00ed i modern\u011bj\u0161\u00ed verze v\u00a0podob\u011b r\u016fzn\u011b tvarovan\u00fdch adventn\u00edch v\u011bnc\u016f, kter\u00e9 ani nemus\u00ed n\u00e9st stopy jehli\u010d\u00ed. Sv\u00edce mohou b\u00fdt takt\u00e9\u017e r\u016fzn\u011b vysok\u00e9, \u0161irok\u00e9 i barevn\u00e9. Sla\u010fte sv\u016fj adventn\u00ed v\u011bnec s\u00a0p\u0159evl\u00e1daj\u00edc\u00edmi barvami ve va\u0161em byt\u011b.\tV\u00e1no\u010dn\u00ed stromekTo, zda zvol\u00edte ka\u017ed\u00fd rok \u201e\u017eiv\u00fd\u201c v\u00e1no\u010dn\u00ed stromek nebo d\u00e1te sp\u00ed\u0161e p\u0159ednost tomu um\u011bl\u00e9mu, z\u00e1le\u017e\u00ed jen a jen na v\u00e1s. Oboj\u00ed m\u00e1 sv\u00e9 v\u00fdhody i nev\u00fdhody. D\u016fle\u017eit\u011bj\u0161\u00ed je v\u0161ak, jak sv\u016fj stromek ozdob\u00edte. Obecn\u011b \u010ce\u0161i p\u0159\u00edli\u0161 nepodl\u00e9haj\u00ed m\u00f3dn\u00edm trend\u016fm, nejobl\u00edben\u011bj\u0161\u00edmi barvami tak z\u016fst\u00e1vaj\u00ed \u010derven\u00e1 a st\u0159\u00edbrn\u00e1, co se zdoben\u00ed stromku t\u00fdk\u00e1. Posledn\u00ed l\u00e9ta je velmi obl\u00edben\u00e1 varianta zdoben\u00ed pouze v\u00a0jedn\u00e9 barv\u011b. M\u00edt stromek pouze \u010derven\u00fd nebo t\u0159eba fialov\u00fd je stylov\u00e9 a elegantn\u00ed. Op\u011bt zvolte barvy, kter\u00e9 se prim\u00e1rn\u011b hod\u00ed do va\u0161eho bytu.\tOsv\u011btlen\u00edR\u016fzn\u00e1 blikaj\u00edc\u00ed sv\u011bt\u00e9lka v\u00a0oknech, na stromku nebo t\u0159eba na z\u00e1bradl\u00ed jist\u011b ocen\u00ed d\u011bti a fandov\u00e9 americk\u00fdch v\u00e1no\u010dn\u00edch film\u016f. Pokud i vy chcete sv\u016fj domov doslova rozz\u00e1\u0159it na v\u0161echny sv\u011btov\u00e9 strany, m\u00e1te na v\u00fdb\u011br z\u00a0mnoha druh\u016f sv\u011bteln\u00fdch \u0159et\u011bz\u016f, rampouch\u016f, vlo\u010dek a jin\u00fdch.                                                                                                                                                                                                                                                                                                                                                                                        3.3\/5 - (7 votes)        "},{"@context":"https:\/\/schema.org\/","@type":"BreadcrumbList","itemListElement":[{"@type":"ListItem","position":1,"name":"V\u00e1noce jak se slu\u0161\u00ed a pat\u0159\u00ed","item":"https:\/\/www.kpso.cz\/vanoce-jak-se-slusi-a-patri\/#breadcrumbitem"}]}]