[{"@context":"https:\/\/schema.org\/","@type":"Article","@id":"https:\/\/www.kpso.cz\/sezeni-nemusi-byt-za-trest\/#Article","mainEntityOfPage":"https:\/\/www.kpso.cz\/sezeni-nemusi-byt-za-trest\/","headline":"Sezen\u00ed nemus\u00ed b\u00fdt za trest","name":"Sezen\u00ed nemus\u00ed b\u00fdt za trest","description":"Dne\u0161n\u00ed je sv\u011bt je v\u00edce ne\u017e kdy jindy pln\u00fd r\u016fzn\u00fdch vymo\u017eenost\u00ed, kter\u00e9 snad ani nest\u00edh\u00e1me v\u0161echny sledovat. A mysl\u00edm si, \u017ee je to \u0161koda, jeliko\u017e n\u00e1m tyto novinky mohou velice pomoci v na\u0161em profesn\u00edm i osobn\u00edm \u017eivot\u011b. Je dobr\u00e9 se tomu alespo\u0148 trochu v\u011bnovat a z\u016fstat p\u0159inejmen\u0161\u00edm v z\u00e1kladn\u00edm p\u0159ehledu nov\u00fdch vychyt\u00e1vek uleh\u010duj\u00edc\u00ed \u017eivotn\u00ed sm\u011br. [&hellip;]","datePublished":"2022-03-28","dateModified":"2023-05-02","author":{"@type":"Person","@id":"https:\/\/www.kpso.cz\/author\/#Person","name":"","url":"https:\/\/www.kpso.cz\/author\/","identifier":1,"image":{"@type":"ImageObject","@id":"https:\/\/secure.gravatar.com\/avatar\/eaa8d03c255e1a749937a03afe319562d500ac9ddac78a88a8e436c8d21c5e47?s=96&d=mm&r=g","url":"https:\/\/secure.gravatar.com\/avatar\/eaa8d03c255e1a749937a03afe319562d500ac9ddac78a88a8e436c8d21c5e47?s=96&d=mm&r=g","height":96,"width":96}},"publisher":{"@type":"Organization","name":"kpso.cz","logo":{"@type":"ImageObject","@id":"\/logo.png","url":"\/logo.png","width":600,"height":60}},"image":{"@type":"ImageObject","@id":"https:\/\/www.kpso.cz\/wp-content\/uploads\/sedac%C3%AD%20pytel.jpeg","url":"https:\/\/www.kpso.cz\/wp-content\/uploads\/sedac%C3%AD%20pytel.jpeg","height":0,"width":0},"url":"https:\/\/www.kpso.cz\/sezeni-nemusi-byt-za-trest\/","about":["N\u00e1kupy"],"wordCount":456,"articleBody":"       Dne\u0161n\u00ed je sv\u011bt je v\u00edce ne\u017e kdy jindy pln\u00fd r\u016fzn\u00fdch vymo\u017eenost\u00ed, kter\u00e9 snad ani nest\u00edh\u00e1me v\u0161echny sledovat. A mysl\u00edm si, \u017ee je to \u0161koda, jeliko\u017e n\u00e1m tyto novinky mohou velice pomoci v na\u0161em profesn\u00edm i osobn\u00edm \u017eivot\u011b. Je dobr\u00e9 se tomu alespo\u0148 trochu v\u011bnovat a z\u016fstat p\u0159inejmen\u0161\u00edm v z\u00e1kladn\u00edm p\u0159ehledu nov\u00fdch vychyt\u00e1vek uleh\u010duj\u00edc\u00ed \u017eivotn\u00ed sm\u011br.Jen si to p\u0159edstavte. M\u00e1te sedavou pr\u00e1ci, ka\u017ed\u00fd den n\u011bkolik hodin sed\u00edte na tom stejn\u00e9m m\u00edst\u011b a na t\u00e9 stejn\u00e9 nevyhovuj\u00edc\u00ed \u017eidli. Zn\u00e1 to asi ka\u017ed\u00fd z n\u00e1s, kdo d\u011bl\u00e1 kancel\u00e1\u0159sk\u00e9 pr\u00e1ce nebo n\u011bkde na pobo\u010dk\u00e1ch. Po \u010dase to nen\u00ed rozhodn\u011b nic p\u0159\u00edjemn\u00e9ho, jak pro na\u0161i psychiku, tak i na\u0161i fyzickou, a p\u0159edev\u0161\u00edm zdravotn\u00ed str\u00e1nku. A jak jist\u011b v\u0161ichni v\u00edme, tak v\u0161e souvis\u00ed se v\u0161\u00edm, tak\u017ee pokud se nebudeme starat o sebe a svoje zdrav\u00ed, tak na to te\u010f nebo pozd\u011bji stejn\u011b doplat\u00edme. Je v\u00edce ne\u017e pot\u0159eba se za\u010d\u00edt v\u011bnovat i sob\u011b a tomu, co na\u0161e t\u011blo pot\u0159ebuje a t\u00edm rozhodn\u011b nebude sed\u011bt tolik hodin na oby\u010dejn\u00e9 standartn\u00ed \u017eidli, kter\u00e1 je pro v\u011bt\u0161inu z n\u00e1s stejn\u011b nepohodln\u00e1. Poj\u010fme si p\u0159edstavit n\u011bco, d\u00edky \u010demu se lze do pr\u00e1ce nebo i dom\u016f t\u011b\u0161it. Hovo\u0159\u00edm zde moment\u00e1ln\u011b o sedac\u00edch pytl\u00edch. Sedac\u00ed pytle se staly v posledn\u00edch letech velice popul\u00e1rn\u00ed a nad m\u00edru p\u0159\u00edjemn\u00e9. Jedn\u00e1 se o designov\u011b vyt\u0159\u00edben\u00fd kus n\u00e1bytku, kter\u00fd v\u00e1s vt\u00e1hne do sebe tak, \u017ee ji\u017e nebudete cht\u00edt vst\u00e1t. Dok\u00e1\u017ee v\u00e1s okouzlit sv\u00fdm kouzlem a hlavn\u011b komfortem. Vyr\u00e1b\u00ed se ve skute\u010dn\u011b \u0161irok\u00e9 \u0161k\u00e1le v\u00fdb\u011bru od velikost a\u017e po barevnost. Tak\u017ee si zde jist\u011b vybere i ten nejn\u00e1ro\u010dn\u011bj\u0161\u00ed. Nekoup\u00edte si jen n\u011bjakou v\u011bc, ale i par\u0165\u00e1ka ke v\u0161emu, co chcete d\u011blat a \u010demu chcete v\u011bnovat sv\u016fj drahocenn\u00fd \u010das. Milujete zahradn\u00ed grilov\u00e1n\u00ed? Vezm\u011bte si tam sedac\u00ed pytel a ihned v\u00e1\u0161 z\u00e1\u017eitek nabere jin\u00fdch rozm\u011br\u016f. Nebojte se d\u00e1t mu \u0161anci, proto\u017ee budete neskute\u010dn\u011b nad\u0161eni pohodl\u00edm, ale i stylem, kter\u00fd se hod\u00ed do ka\u017ed\u00e9 dom\u00e1cnosti, kancel\u00e1\u0159e, ale i do venkovn\u00edch prostor, volba je jen \u010dist\u011b na v\u00e1s, jak nab\u00edzen\u00fdch pozitiv vyu\u017eijete. Rozhodn\u011b si tento kousek zamilujete.                                                                                                                                                                                                                                                                                                                                                                                           5\/5 - (6 votes)        "},{"@context":"https:\/\/schema.org\/","@type":"BreadcrumbList","itemListElement":[{"@type":"ListItem","position":1,"name":"Sezen\u00ed nemus\u00ed b\u00fdt za trest","item":"https:\/\/www.kpso.cz\/sezeni-nemusi-byt-za-trest\/#breadcrumbitem"}]}]