[{"@context":"https:\/\/schema.org\/","@type":"Article","@id":"https:\/\/www.kpso.cz\/odpadkovy-kos-trochu-jinak\/#Article","mainEntityOfPage":"https:\/\/www.kpso.cz\/odpadkovy-kos-trochu-jinak\/","headline":"Odpadkov\u00fd ko\u0161 trochu jinak","name":"Odpadkov\u00fd ko\u0161 trochu jinak","description":"T\u011b\u017eko si n\u011bkdo um\u00ed p\u0159edstavit, \u017ee by n\u00e1m chyb\u011bl v kuchyni odpadkov\u00fd ko\u0161. Tak\u00e9 si m\u016f\u017eeme po\u0159\u00eddit v\u00edce n\u00e1dob, kter\u00e9 budou ur\u010deny pro t\u0159\u00edd\u011bn\u00ed. Ono to m\u00e1 sv\u016fj v\u00fdznam. Kdy\u017e budeme spr\u00e1vn\u011b t\u0159\u00eddit a pot\u00e9 odpad odneseme do vybran\u00fdch n\u00e1dob ve m\u011bst\u011b, ale i vesnici, pot\u00e9 u\u0161et\u0159\u00edme m\u00edsto v na\u0161\u00ed popelnici na sm\u011bsn\u00fd odpad a [&hellip;]","datePublished":"2020-01-10","dateModified":"2023-05-02","author":{"@type":"Person","@id":"https:\/\/www.kpso.cz\/author\/#Person","name":"","url":"https:\/\/www.kpso.cz\/author\/","identifier":1,"image":{"@type":"ImageObject","@id":"https:\/\/secure.gravatar.com\/avatar\/eaa8d03c255e1a749937a03afe319562d500ac9ddac78a88a8e436c8d21c5e47?s=96&d=mm&r=g","url":"https:\/\/secure.gravatar.com\/avatar\/eaa8d03c255e1a749937a03afe319562d500ac9ddac78a88a8e436c8d21c5e47?s=96&d=mm&r=g","height":96,"width":96}},"publisher":{"@type":"Organization","name":"kpso.cz","logo":{"@type":"ImageObject","@id":"\/logo.png","url":"\/logo.png","width":600,"height":60}},"image":{"@type":"ImageObject","@id":"https:\/\/www.kpso.cz\/wp-content\/uploads\/img_a378411_w3248_t1589799629.png","url":"https:\/\/www.kpso.cz\/wp-content\/uploads\/img_a378411_w3248_t1589799629.png","height":0,"width":0},"url":"https:\/\/www.kpso.cz\/odpadkovy-kos-trochu-jinak\/","about":["Neza\u0159azen\u00e9"],"wordCount":469,"articleBody":"      T\u011b\u017eko si n\u011bkdo um\u00ed p\u0159edstavit, \u017ee by n\u00e1m chyb\u011bl v kuchyni odpadkov\u00fd ko\u0161. Tak\u00e9 si m\u016f\u017eeme po\u0159\u00eddit v\u00edce n\u00e1dob, kter\u00e9 budou ur\u010deny pro t\u0159\u00edd\u011bn\u00ed. Ono to m\u00e1 sv\u016fj v\u00fdznam. Kdy\u017e budeme spr\u00e1vn\u011b t\u0159\u00eddit a pot\u00e9 odpad odneseme do vybran\u00fdch n\u00e1dob ve m\u011bst\u011b, ale i vesnici, pot\u00e9 u\u0161et\u0159\u00edme m\u00edsto v na\u0161\u00ed popelnici na sm\u011bsn\u00fd odpad a t\u00edm zase celkov\u011b budeme \u0161et\u0159it ekologii. A up\u0159\u00edmn\u011b nov\u00e9 trendy posouvaj\u00ed odpadkov\u00fd ko\u0161 na \u00fapln\u011b jinou rovinu, ne\u017e je jen nezaj\u00edmav\u00e1 n\u00e1doba, kter\u00e1 bude st\u00e1t n\u011bkde v kuchyni. A kdo chce j\u00edt s dobou, tak by m\u011bl zam\u011b\u0159it na to, co v\u0161echno by jeho ko\u0161 m\u011bl um\u011bt a jakou by m\u011bl m\u00edt viz\u00e1\u017e. N\u011bkter\u00e9 mohou b\u00fdt vkusn\u00fdm dekorativn\u00edm prvkem, kter\u00fd se bude hodit do v\u0161ech kuchyn\u00ed https:\/\/www.skvelydomov.cz\/kuchyne\/. A\u0165 si p\u0159irozen\u011b vybereme, jak\u00fd chceme, nebo se n\u00e1m l\u00edb\u00ed, p\u0159esto bychom se m\u011bli zamyslet nad ur\u010dit\u00fdmi body. Rozm\u011bry \u2013 m\u016f\u017eeme si vybrat ko\u0161, kter\u00fd bude st\u00e1t voln\u011b nebo mu naj\u00edt m\u00edsto, kdy bude schovan\u00fd n\u011bkde uvnit\u0159 sk\u0159\u00ed\u0148ky. D\u00edky tomu, je ale t\u0159eba v\u011bnovat velkou pozornost jeho rozm\u011br\u016fm. V\u00fd\u0161ka, hloubka i \u0161\u00ed\u0159ka jsou nesm\u00edrn\u011b d\u016fle\u017eit\u00e9 parametry. Tak\u00e9 je dobr\u00e9 pop\u0159em\u00fd\u0161let o jeho zav\u00edr\u00e1n\u00ed, kter\u00e9 by mohlo zp\u016fsobit komplikace. Objem \u2013 to rozhodn\u011b nen\u00ed stejn\u00e9 jako jeho rozm\u011bry. Ten se v\u011bt\u0161inou odv\u00edj\u00ed od mno\u017estv\u00ed odpadk\u016f, kter\u00e9 dom\u00e1cnost vyprodukuje. Je pravdou, \u017ee kdy\u017e zvol\u00edme men\u0161\u00ed objem, tak n\u00e1s to bude nutit k \u010dast\u011bj\u0161\u00edmu vyn\u00e1\u0161en\u00ed, tud\u00ed\u017e n\u00e1m doma odpadky nebudou zap\u00e1chat. Materi\u00e1l \u2013 m\u00e1me na v\u00fdb\u011br, zdali bude plastov\u00fd nebo kovov\u00fd. A jak to b\u00fdv\u00e1, tak oboj\u00ed m\u00e1 sv\u00e9 pro a proti. Pokud bude levn\u011bj\u0161\u00ed a nekvalitn\u00ed plast, tak z\u0159ejm\u011b mechanick\u00e9mu po\u0161kozen\u00ed neujdeme a to pom\u011brn\u011b dost brzo. Nav\u00edc jsou i m\u00e9n\u011b stabiln\u011bj\u0161\u00ed. P\u0159i t\u00e9to verzi se mus\u00ed po\u010d\u00edtat i s absorpc\u00ed pachu. Kovov\u00e9 verze jsou stabiln\u011bj\u0161\u00ed a v dne\u0161n\u00ed dob\u011b jsou i v barevn\u00e9m proveden\u00ed. Design \u2013 odpadkov\u00fd ko\u0161 je sice po\u0159\u00edzen\u00fd za ur\u010dit\u00fdm \u00fa\u010delem, ale nesm\u00edme mu odep\u0159\u00edt i jeho dal\u0161\u00ed z\u00e1sluhy a to je jeho design. M\u016f\u017ee toti\u017e za ur\u010dit\u00fdch podm\u00ednek st\u00e1t klidn\u011b voln\u011b, ani\u017e by byl nositelem n\u011b\u010deho pod\u0159adn\u00e9ho. I zde je na v\u00fdb\u011br p\u00e1r origin\u00e1ln\u00edch kousk\u016f, kter\u00e9 pot\u011b\u0161\u00ed i na pohled.                                                                                                                                                                                                                                                                                                                                                                                          4.6\/5 - (5 votes)        "},{"@context":"https:\/\/schema.org\/","@type":"BreadcrumbList","itemListElement":[{"@type":"ListItem","position":1,"name":"Odpadkov\u00fd ko\u0161 trochu jinak","item":"https:\/\/www.kpso.cz\/odpadkovy-kos-trochu-jinak\/#breadcrumbitem"}]}]