[{"@context":"https:\/\/schema.org\/","@type":"Article","@id":"https:\/\/www.kpso.cz\/je-vhodne-aby-byl-najat-kouzelnik-na-detskou-oslavu\/#Article","mainEntityOfPage":"https:\/\/www.kpso.cz\/je-vhodne-aby-byl-najat-kouzelnik-na-detskou-oslavu\/","headline":"Je vhodn\u00e9, aby byl najat kouzeln\u00edk na d\u011btskou oslavu?","name":"Je vhodn\u00e9, aby byl najat kouzeln\u00edk na d\u011btskou oslavu?","description":"Snad ka\u017ed\u00fd z n\u00e1s chce, aby jeho d\u00edt\u011b bylo \u0161\u0165astn\u00e9. I proto po\u0159\u00e1d\u00e1me nejr\u016fzn\u011bj\u0161\u00ed slavnosti, kde se n\u00e1\u0161 potomek bude dob\u0159e bavit. Nej\u010dast\u011bji je to u p\u0159\u00edle\u017eitosti jeho narozenin, ale nemus\u00ed tomu tak b\u00fdt v\u017edy. Najdou se i jin\u00e9 ud\u00e1losti, kter\u00e9 je mo\u017en\u00e9 t\u00edmto zp\u016fsobem oslavit. Ov\u0161em k tomu, aby se p\u0159\u00edtomn\u00e9 d\u011bti skute\u010dn\u011b bavily, [&hellip;]","datePublished":"2021-09-20","dateModified":"2023-05-02","author":{"@type":"Person","@id":"https:\/\/www.kpso.cz\/author\/#Person","name":"","url":"https:\/\/www.kpso.cz\/author\/","identifier":1,"image":{"@type":"ImageObject","@id":"https:\/\/secure.gravatar.com\/avatar\/eaa8d03c255e1a749937a03afe319562d500ac9ddac78a88a8e436c8d21c5e47?s=96&d=mm&r=g","url":"https:\/\/secure.gravatar.com\/avatar\/eaa8d03c255e1a749937a03afe319562d500ac9ddac78a88a8e436c8d21c5e47?s=96&d=mm&r=g","height":96,"width":96}},"publisher":{"@type":"Organization","name":"kpso.cz","logo":{"@type":"ImageObject","@id":"\/logo.png","url":"\/logo.png","width":600,"height":60}},"image":{"@type":"ImageObject","@id":"https:\/\/www.kpso.cz\/wp-content\/uploads\/kouzelnik4.jpg","url":"https:\/\/www.kpso.cz\/wp-content\/uploads\/kouzelnik4.jpg","height":0,"width":0},"url":"https:\/\/www.kpso.cz\/je-vhodne-aby-byl-najat-kouzelnik-na-detskou-oslavu\/","about":["Business"],"wordCount":442,"articleBody":"   Snad ka\u017ed\u00fd z n\u00e1s chce, aby jeho d\u00edt\u011b bylo \u0161\u0165astn\u00e9. I proto po\u0159\u00e1d\u00e1me nejr\u016fzn\u011bj\u0161\u00ed slavnosti, kde se n\u00e1\u0161 potomek bude dob\u0159e bavit. Nej\u010dast\u011bji je to u p\u0159\u00edle\u017eitosti jeho narozenin, ale nemus\u00ed tomu tak b\u00fdt v\u017edy. Najdou se i jin\u00e9 ud\u00e1losti, kter\u00e9 je mo\u017en\u00e9 t\u00edmto zp\u016fsobem oslavit.Ov\u0161em k tomu, aby se p\u0159\u00edtomn\u00e9 d\u011bti skute\u010dn\u011b bavily, je nutn\u00e9 jim p\u0159ipravit pestr\u00fd program. Ten z\u00e1le\u017e\u00ed p\u0159edev\u0161\u00edm na po\u010dtu a v\u011bku z\u00fa\u010dastn\u011bn\u00fdch. M\u011bli bychom si d\u00e1t pozor, aby mezi d\u011btmi nebyl p\u0159\u00edli\u0161 velk\u00fd v\u011bkov\u00fd rozd\u00edl, pokud nem\u00e1me p\u0159ipraveny rozd\u00edln\u00e9 aktivity pro r\u016fzn\u00e9 v\u011bkov\u00e9 skupiny. Mohlo by to toti\u017e v\u00e9st k tomu, \u017ee by se bu\u010f ti nejstar\u0161\u00ed nebavili, nebo by ti nejmlad\u0161\u00ed nebyli schopni pochopit, o co se vlastn\u011b jedn\u00e1.Po\u010det pozvan\u00fdch d\u011btsk\u00fdch host\u016f by m\u011bl b\u00fdt samoz\u0159ejm\u011b p\u0159edem velmi dob\u0159e zv\u00e1\u017een. Zde je d\u016fle\u017eit\u00e9 zn\u00e1t preference toho, pro koho danou oslavu po\u0159\u00e1d\u00e1me. Je to n\u011bkdo, kdo m\u00e1 kolem sebe r\u00e1d velk\u00fd dav, nebo preferuje slavit pouze s n\u011bkolika nejbli\u017e\u0161\u00edmi p\u0159\u00e1teli? A pokud se rozhodnete pozvat celou jeho t\u0159\u00eddu, m\u011bjte na pam\u011bti, \u017ee podobn\u011b jako u dosp\u011bl\u00fdch, ani zde se v\u0161echny d\u011bti nemus\u00ed m\u00edt navz\u00e1jem r\u00e1dy.Dobr\u00e1, ale jak\u00fd program zvolit, aby se v\u0161ichni bavili? Jednou z mo\u017enost\u00ed je kouzeln\u00edk na d\u011btskou oslavu. Ten zde p\u0159edvede sv\u00e9 p\u0159edstaven\u00ed. Ten je v\u0161ak vhodn\u00fd sp\u00ed\u0161e pro mlad\u0161\u00ed publikum, nebo\u0165 jeho vystoupen\u00ed obvykle neb\u00fdv\u00e1 p\u0159\u00edli\u0161 kvalitn\u00ed, tedy pokud nenajmeme n\u011bjak\u00e9ho skute\u010dn\u00e9ho um\u011blce \u2013 a ti v\u011bt\u0161inou d\u011btsk\u00e9 oslavy ned\u011blaj\u00ed.Nav\u00edc je zde je\u0161t\u011b fakt, \u017ee si za sv\u00e9 p\u0159edstaven\u00ed nech\u00e1 zaplatit. Ano, je to samoz\u0159ejm\u00e9, koneckonc\u016f se t\u00edm \u017eiv\u00ed. Av\u0161ak pro n\u00e1s je to dal\u0161\u00ed d\u016fvod, abychom se ujistili, \u017ee bude m\u00edt \u00fasp\u011bch. Jinak jsme na\u0161e pen\u00edze vyhodili zbyte\u010dn\u011b.Tak\u00e9 ne v\u017edy je jeho pozv\u00e1n\u00ed dobr\u00fd n\u00e1pad. Zde z\u00e1le\u017e\u00ed p\u0159edev\u0161\u00edm na tom, co se slav\u00ed, a jak velk\u00e1 ona oslava je. Pokud by m\u011bl toti\u017e p\u0159edv\u00e1d\u011bt sv\u00e1 kouzla jen pro p\u00e1r lid\u00ed, ztratilo by to celkov\u00fd efekt. Proto je dobr\u00e9 v\u0161e p\u0159ede dob\u0159e uv\u00e1\u017eit, a\u0165 nakonec nelitujeme.                                                                                                                                                                                                                                                                                                                                                                                          3.7\/5 - (13 votes)        "},{"@context":"https:\/\/schema.org\/","@type":"BreadcrumbList","itemListElement":[{"@type":"ListItem","position":1,"name":"Je vhodn\u00e9, aby byl najat kouzeln\u00edk na d\u011btskou oslavu?","item":"https:\/\/www.kpso.cz\/je-vhodne-aby-byl-najat-kouzelnik-na-detskou-oslavu\/#breadcrumbitem"}]}]