[{"@context":"https:\/\/schema.org\/","@type":"Article","@id":"https:\/\/www.kpso.cz\/fotograf-opava\/#Article","mainEntityOfPage":"https:\/\/www.kpso.cz\/fotograf-opava\/","headline":"Fotograf Opava","name":"Fotograf Opava","description":"Fotografie je pam\u00e1tka na cel\u00fd \u017eivot. \u010clov\u011bk, kter\u00fd chce vystudovat, si p\u00ed\u0161e pozn\u00e1mky. \u010clov\u011bk, kter\u00fd chce \u017e\u00edt, si d\u011bl\u00e1 fotografie. Fotografie je upom\u00ednka na to, jac\u00ed jsme byli, \u010deho jsme dos\u00e1hli a v co jsme doufali. \u017d\u00e1dn\u00fd \u010dlov\u011bk na sv\u011bt\u011b nedok\u00e1\u017ee uchovat vzpom\u00ednky nav\u017edy. A pr\u00e1v\u011b proto vs\u00e1z\u00ed na v\u011b\u010dnost fotografi\u00ed. Fotograf Jan Vl\u010dek je [&hellip;]","datePublished":"2021-10-29","dateModified":"2023-05-02","author":{"@type":"Person","@id":"https:\/\/www.kpso.cz\/author\/#Person","name":"","url":"https:\/\/www.kpso.cz\/author\/","identifier":1,"image":{"@type":"ImageObject","@id":"https:\/\/secure.gravatar.com\/avatar\/eaa8d03c255e1a749937a03afe319562d500ac9ddac78a88a8e436c8d21c5e47?s=96&d=mm&r=g","url":"https:\/\/secure.gravatar.com\/avatar\/eaa8d03c255e1a749937a03afe319562d500ac9ddac78a88a8e436c8d21c5e47?s=96&d=mm&r=g","height":96,"width":96}},"publisher":{"@type":"Organization","name":"kpso.cz","logo":{"@type":"ImageObject","@id":"\/logo.png","url":"\/logo.png","width":600,"height":60}},"image":{"@type":"ImageObject","@id":"https:\/\/www.kpso.cz\/wp-content\/uploads\/camera-g72577d88f_640.jpg","url":"https:\/\/www.kpso.cz\/wp-content\/uploads\/camera-g72577d88f_640.jpg","height":0,"width":0},"url":"https:\/\/www.kpso.cz\/fotograf-opava\/","about":["Business"],"wordCount":407,"articleBody":"   Fotografie je pam\u00e1tka na cel\u00fd \u017eivot. \u010clov\u011bk, kter\u00fd chce vystudovat, si p\u00ed\u0161e pozn\u00e1mky. \u010clov\u011bk, kter\u00fd chce \u017e\u00edt, si d\u011bl\u00e1 fotografie. Fotografie je upom\u00ednka na to, jac\u00ed jsme byli, \u010deho jsme dos\u00e1hli a v co jsme doufali. \u017d\u00e1dn\u00fd \u010dlov\u011bk na sv\u011bt\u011b nedok\u00e1\u017ee uchovat vzpom\u00ednky nav\u017edy. A pr\u00e1v\u011b proto vs\u00e1z\u00ed na v\u011b\u010dnost fotografi\u00ed. Fotograf Jan Vl\u010dek je fotografem t\u011blem i du\u0161\u00ed. V pr\u016fb\u011bhu sv\u00e9 dlouh\u00e9 fotografick\u00e9 kari\u00e9ry byl sv\u011bdkem nespo\u010dtu v\u00fdznamn\u00fdch ud\u00e1lost\u00ed, a\u0165 u\u017e se jednalo o svatby, k\u0159ty \u010di oslavy. Je pr\u00e1v\u011b t\u00edm \u010dlov\u011bkem, kter\u00e9ho nech\u00e1te nakouknout do va\u0161eho soukrom\u00ed, aby v\u00e1m pomohl si nejeden okam\u017eik zapamatovat nav\u017edy. Kdy\u017e se \u0159ekne fotograf Opava, v\u0161ichni spokojen\u00ed klienti si p\u0159edstav\u00ed pr\u00e1v\u011b Jana Vl\u010dka. Nenechte se v\u0161ak zm\u00e1st. Jan Vl\u010dek nep\u016fsob\u00ed pouze v Opav\u011b \u010di Ostrav\u011b, ale po cel\u00e9m Moravskoslezsk\u00e9m kraji. Nebr\u00e1n\u00ed se v\u0161ak vyjet i za hranice sv\u00e9 rodn\u00e9 domoviny a pozn\u00e1vat nov\u00e9 lidi, osudy a zvyky.L\u00e1ska k fotografov\u00e1n\u00ed by se dala p\u0159irovnat k l\u00e1sce k lidem. Jejich p\u0159\u00edb\u011bhy jsou nevratn\u011b zachyceny a p\u0159ed\u00e1ny dal\u0161\u00edm generac\u00edm. Pr\u00e1v\u011b pr\u00e1ce s lidmi je pro fotografa velmi podstatn\u00e1. P\u0159edev\u0161\u00edm mu\u017ei m\u00edvaj\u00ed ve zvyku se fotografov\u00e1n\u00ed vyh\u00fdbat. Pr\u00e1ce s profesion\u00e1lem je v\u0161ak pro v\u0161echny z\u00fa\u010dastn\u011bn\u00e9 radost.Fotograf Jan Vl\u010dek v\u00e1s vyfot\u00ed p\u0159i ka\u017ed\u00e9 p\u0159\u00edle\u017eitosti. Z\u00e1snuby, svatba, t\u011bhotensk\u00e9 focen\u00ed, narozen\u00ed d\u00edt\u011bte, rodinn\u00e9 foto, portr\u00e9tn\u00ed fotografie, oslava v\u00fdznamn\u00e9ho jubilea \u010di fotografie pro maturitn\u00ed tablo. Z\u00e1rove\u0148 se specializuje tak\u00e9 na reklamn\u00ed \u010di produktov\u00e9  http:\/\/www.atinstudio.cz\/blog\/ fotografie. Zaj\u00edmav\u00fdm odv\u011btv\u00edm je tak\u00e9 report\u00e1\u017en\u00ed foto. Nev\u00e1hejte se na n\u011bj tud\u00ed\u017e obr\u00e1tit s jak\u00fdmkoliv p\u0159\u00e1n\u00edm. Fotografie je zalo\u017eena p\u0159edev\u0161\u00edm na spolupr\u00e1ci fotografa a klienta. Proto je podstatn\u00e9, abyste se v pr\u016fb\u011bhu focen\u00ed c\u00edtili uvoln\u011bn\u011b a pohodov\u011b. Ze vznikl\u00fdch fotek mus\u00ed b\u00fdt c\u00edtit, \u017ee jste to vy. Vy, jako\u017eto jedine\u010dn\u00e1 osobnost. Proto je velmi d\u016fle\u017eit\u00e1 vz\u00e1jemn\u00e1 komunikace, d\u016fv\u011bra a respekt.                                                                                                                                                                                                                                                                                                                                                                                         4.5\/5 - (4 votes)        "},{"@context":"https:\/\/schema.org\/","@type":"BreadcrumbList","itemListElement":[{"@type":"ListItem","position":1,"name":"Fotograf Opava","item":"https:\/\/www.kpso.cz\/fotograf-opava\/#breadcrumbitem"}]}]