[{"@context":"https:\/\/schema.org\/","@type":"Article","@id":"https:\/\/www.kpso.cz\/falabella-je-nejmensi-kun-na-svete\/#Article","mainEntityOfPage":"https:\/\/www.kpso.cz\/falabella-je-nejmensi-kun-na-svete\/","headline":"Falabella je nejmen\u0161\u00ed k\u016f\u0148 na sv\u011bt\u011b","name":"Falabella je nejmen\u0161\u00ed k\u016f\u0148 na sv\u011bt\u011b","description":"Zaslechli jste n\u011bkdy informaci o tom, \u017ee existuje trpasli\u010d\u00ed k\u016f\u0148? Je to speci\u00e1ln\u011b vy\u0161lecht\u011bn\u00e1 odr\u016fda a tak trochu m\u016f\u017ee p\u0159ipom\u00ednat ve sv\u011bt\u011b rostlin drobn\u00e9 zakrsl\u00e9 bonsaje. Na takov\u00e9 zv\u00ed\u0159e se ov\u0161em nem\u016f\u017eete posadit, neudr\u017eelo by ani v\u00e1s, ani mal\u00e9 d\u00edt\u011b. Je v\u0161ak velice kamar\u00e1dsk\u00e9 a u\u010denliv\u00e9, vhodn\u00e9 i do rodin s\u00a0mal\u00fdmi d\u011btmi. Poch\u00e1z\u00ed z\u00a0Ji\u017en\u00ed Ameriky [&hellip;]","datePublished":"2025-03-01","dateModified":"2023-05-02","author":{"@type":"Person","@id":"https:\/\/www.kpso.cz\/author\/#Person","name":"","url":"https:\/\/www.kpso.cz\/author\/","identifier":1,"image":{"@type":"ImageObject","@id":"https:\/\/secure.gravatar.com\/avatar\/eaa8d03c255e1a749937a03afe319562d500ac9ddac78a88a8e436c8d21c5e47?s=96&d=mm&r=g","url":"https:\/\/secure.gravatar.com\/avatar\/eaa8d03c255e1a749937a03afe319562d500ac9ddac78a88a8e436c8d21c5e47?s=96&d=mm&r=g","height":96,"width":96}},"publisher":{"@type":"Organization","name":"kpso.cz","logo":{"@type":"ImageObject","@id":"\/logo.png","url":"\/logo.png","width":600,"height":60}},"image":{"@type":"ImageObject","@id":"https:\/\/www.kpso.cz\/wp-content\/uploads\/img_a337071_w2049_t1550332797.jpg","url":"https:\/\/www.kpso.cz\/wp-content\/uploads\/img_a337071_w2049_t1550332797.jpg","height":0,"width":0},"url":"https:\/\/www.kpso.cz\/falabella-je-nejmensi-kun-na-svete\/","wordCount":399,"articleBody":"Zaslechli jste n\u011bkdy informaci o tom, \u017ee existuje trpasli\u010d\u00ed k\u016f\u0148? Je to speci\u00e1ln\u011b vy\u0161lecht\u011bn\u00e1 odr\u016fda a tak trochu m\u016f\u017ee p\u0159ipom\u00ednat ve sv\u011bt\u011b rostlin drobn\u00e9 zakrsl\u00e9 bonsaje. Na takov\u00e9 zv\u00ed\u0159e se ov\u0161em nem\u016f\u017eete posadit, neudr\u017eelo by ani v\u00e1s, ani mal\u00e9 d\u00edt\u011b. Je v\u0161ak velice kamar\u00e1dsk\u00e9 a u\u010denliv\u00e9, vhodn\u00e9 i do rodin s\u00a0mal\u00fdmi d\u011btmi.\tPoch\u00e1z\u00ed z\u00a0Ji\u017en\u00ed Ameriky\tJsou to zv\u00ed\u0159ata nesm\u00edrn\u011b klidn\u00e1 a p\u0159\u00e1telsk\u00e1, rozhodn\u011b nejde o temperamentn\u00ed plnokrevn\u00edky, jejich\u017e divokost lze vysledovat v\u00a0dostihov\u00fdch boxech p\u0159ed Velkou pardubickou. Lze je tedy m\u00edt ust\u00e1jen\u00e9, i ve voln\u00e9m v\u00fdb\u011bhu doma na zahrad\u011b, mohou si s\u00a0nimi hr\u00e1t i men\u0161\u00ed d\u011bti, chovaj\u00ed se dokonce velice podobn\u011b jako psi. Jsou nav\u00edc velmi inteligentn\u00ed, co\u017e nelze \u0159\u00edci o v\u011bt\u0161in\u011b plemen kon\u00ed. Mimochodem, v\u011bd\u011bli jste, \u017ee mnohem vy\u0161\u0161\u00ed IQ vykazuj\u00ed dom\u00e1c\u00ed vep\u0159\u00edci, zat\u00edmco kon\u011b za nimi v\u00a0tomto ohledu nesm\u00edrn\u011b zaost\u00e1vaj\u00ed?\tA\u010dkoli si s\u00a0nimi d\u011bti r\u00e1dy hraj\u00ed, nikdy nesm\u00edte dopustit, aby na nich jezdily. Jejich kostra na to nen\u00ed stav\u011bna, vypadaj\u00ed sice robustn\u011b, ale neunesou p\u0159\u00edli\u0161 velkou z\u00e1t\u011b\u017e na sv\u00fdch bedrech. Jestli\u017ee se k\u00a0nim budete chovat s\u00a0\u00factou, do\u017eij\u00ed se velmi vysok\u00e9ho v\u011bku, mezi ko\u0148mi pom\u011brn\u011b nezvykl\u00e9ho, dokonce a\u017e pades\u00e1ti let.\t\tOdkud se vzala\tJsou to skute\u010dn\u011b nejmen\u0161\u00ed ko\u0148sk\u00e1 plemena na sv\u011bt\u011b. Jsou velmi vz\u00e1cn\u00e1 z\u00a0toho d\u016fvodu, \u017ee byla postupn\u011b \u0161lecht\u011bna v\u00a0podm\u00ednk\u00e1ch p\u0159\u00edsn\u00e9ho v\u00fdb\u011bru, kdy byla k\u00a0rozmno\u017eov\u00e1n\u00ed p\u0159ipou\u0161t\u011bna jen zv\u00ed\u0159ata mal\u00fdch proporc\u00ed. Postupem \u010dasu se vyvinula v\u00a0drobn\u00e9 tvory s\u00a0ko\u0148sk\u00fdm vzez\u0159en\u00edm, jejich\u017e v\u00fd\u0161ka je maxim\u00e1ln\u011b kolem 80 cm. Jm\u00e9no Falabella poch\u00e1z\u00ed od chovatel\u016f z\u00a0Argentiny, kte\u0159\u00ed v\u016fbec poprv\u00e9 zk\u0159\u00ed\u017eili plnokrevn\u00edka mal\u00e9ho vzr\u016fstu s\u00a0shetlandsk\u00fdm pon\u00edkem.\tDnes se vyu\u017e\u00edvaj\u00ed p\u0159edev\u0161\u00edm jako alternativa dom\u00e1c\u00edch mazl\u00ed\u010dk\u016f a po\u0159\u00e1daj\u00ed se s\u00a0nimi miniparkurov\u00e9 z\u00e1vody, r\u016fzn\u00e9 v\u00fdstavy a d\u011btsk\u00e9 sout\u011b\u017ee v\u00a0j\u00edzd\u011b ve sp\u0159e\u017een\u00ed. Jsou tak\u00e9 nasazov\u00e1ni do rodin nevidom\u00fdch.                                                                                                                                                                                                                                                                                                                                                                                        4.2\/5 - (4 votes)        "},{"@context":"https:\/\/schema.org\/","@type":"BreadcrumbList","itemListElement":[{"@type":"ListItem","position":1,"name":"Falabella je nejmen\u0161\u00ed k\u016f\u0148 na sv\u011bt\u011b","item":"https:\/\/www.kpso.cz\/falabella-je-nejmensi-kun-na-svete\/#breadcrumbitem"}]}]